{"id":2973,"date":"2021-08-25T02:16:14","date_gmt":"2021-08-25T02:16:14","guid":{"rendered":"https:\/\/cortesdecabelofeminino.com.br\/?p=2973"},"modified":"2022-08-25T02:28:20","modified_gmt":"2022-08-25T02:28:20","slug":"sobre","status":"publish","type":"post","link":"https:\/\/cortesdecabelofeminino.com.br\/it\/di\/","title":{"rendered":"Di"},"content":{"rendered":"<p>\u201cCortes de Cabelo Feminino\u201d \u00e8 un blog femminile, sempre connesso alle tendenze, ai consigli e allo stile del taglio di capelli! La nostra pi\u00f9 grande passione \u00e8 collegare i nostri lettori alle principali notizie di moda.<\/p>\n\n\n\n<p>Qui \u00e8 possibile rimanere aggiornati su ci\u00f2 che \u00e8 di tendenza sui tagli di capelli <a href=\"https:\/\/cortesdecabelofeminino.com.br\/it\/category\/cabelo-longo\/\" data-type=\"URL\" data-id=\"https:\/\/cortesdecabelofeminino.com.br\/category\/cabelo-longo\/\">lungo<\/a>, <a href=\"https:\/\/cortesdecabelofeminino.com.br\/it\/category\/cabelo-curto\/\" data-type=\"URL\" data-id=\"https:\/\/cortesdecabelofeminino.com.br\/category\/cabelo-curto\/\">breve<\/a> o <a href=\"https:\/\/cortesdecabelofeminino.com.br\/it\/category\/cabelo-medio\/\" data-type=\"URL\" data-id=\"https:\/\/cortesdecabelofeminino.com.br\/category\/cabelo-medio\/\">medio<\/a>!<\/p>\n\n\n\n<h2 class=\"wp-block-heading\">La nostra fonte di finanziamento:<\/h2>\n\n\n\n<p>In generale, siamo finanziati da inserzionisti che utilizzano la tecnologia programmatica per acquistare spazi pubblicitari sul nostro sito.<\/p>\n\n\n\n<p>Attraverso programmi come Google Adsense e partnership con grandi aziende come Amazon, Google, Criteo, Verizon, tra gli altri, questi spazi vengono acquistati in un sistema altamente tecnologico e senza interferenze umane. Navigando, il lettore accetta le informative sulla privacy e le condizioni di utilizzo.<\/p>\n\n\n\n<p>Lo sapete gi\u00e0, ma vale la pena sottolineare che questa fonte di finanziamento non ha collegamenti con politici, partiti o enti governativi e non interferisce mai con l&#039;indipendenza editoriale del progetto. Il nostro pi\u00f9 grande impegno \u00e8 per te, lettore.<\/p>\n\n\n\n<p>Dubbi? Contattaci! Oh, assicurati di controllare la nostra pagina sulla politica sulla privacy.<\/p>","protected":false},"excerpt":{"rendered":"<p>\u201cCortes de Cabelo Feminino\u201d \u00e9 um blog feminino, sempre ligado nas tend\u00eancias de cortes de cabelo, dicas e estilo! Nossa maior paix\u00e3o \u00e9 conectar nossas leitoras as principais novidades fashions. Por aqui \u00e9 poss\u00edvel ficar por dentro do que est\u00e1 em alta sobre cortes de cabelo longos, curtos ou m\u00e9dios! Nossa fonte de financiamento: Em [&hellip;]<\/p>\n","protected":false},"author":1,"featured_media":0,"comment_status":"open","ping_status":"open","sticky":false,"template":"","format":"standard","meta":{"footnotes":""},"categories":[1],"tags":[],"class_list":["post-2973","post","type-post","status-publish","format-standard","hentry","category-uncategorized"],"_links":{"self":[{"href":"https:\/\/cortesdecabelofeminino.com.br\/it\/wp-json\/wp\/v2\/posts\/2973","targetHints":{"allow":["GET"]}}],"collection":[{"href":"https:\/\/cortesdecabelofeminino.com.br\/it\/wp-json\/wp\/v2\/posts"}],"about":[{"href":"https:\/\/cortesdecabelofeminino.com.br\/it\/wp-json\/wp\/v2\/types\/post"}],"author":[{"embeddable":true,"href":"https:\/\/cortesdecabelofeminino.com.br\/it\/wp-json\/wp\/v2\/users\/1"}],"replies":[{"embeddable":true,"href":"https:\/\/cortesdecabelofeminino.com.br\/it\/wp-json\/wp\/v2\/comments?post=2973"}],"version-history":[{"count":0,"href":"https:\/\/cortesdecabelofeminino.com.br\/it\/wp-json\/wp\/v2\/posts\/2973\/revisions"}],"wp:attachment":[{"href":"https:\/\/cortesdecabelofeminino.com.br\/it\/wp-json\/wp\/v2\/media?parent=2973"}],"wp:term":[{"taxonomy":"category","embeddable":true,"href":"https:\/\/cortesdecabelofeminino.com.br\/it\/wp-json\/wp\/v2\/categories?post=2973"},{"taxonomy":"post_tag","embeddable":true,"href":"https:\/\/cortesdecabelofeminino.com.br\/it\/wp-json\/wp\/v2\/tags?post=2973"}],"curies":[{"name":"wp","href":"https:\/\/api.w.org\/{rel}","templated":true}]}}